{"id":1122,"date":"2019-03-01T22:17:18","date_gmt":"2019-03-01T20:17:18","guid":{"rendered":"http:\/\/buehne-weinburg.at\/?p=1122"},"modified":"2019-09-07T17:26:30","modified_gmt":"2019-09-07T15:26:30","slug":"kulturausflug-2019-nach-sarajevo","status":"publish","type":"post","link":"https:\/\/buehne-weinburg.at\/?p=1122","title":{"rendered":"Kulturausflug 2019 nach Sarajevo"},"content":{"rendered":"<p><strong><a href=\"http:\/\/buehne-weinburg.at\/wp-content\/uploads\/2019\/03\/IMG_5554.jpg\"><img loading=\"lazy\" decoding=\"async\" class=\"alignright size-medium wp-image-1140\" src=\"http:\/\/buehne-weinburg.at\/wp-content\/uploads\/2019\/03\/IMG_5554-300x201.jpg\" alt=\"IMG_5554\" width=\"300\" height=\"201\" srcset=\"https:\/\/buehne-weinburg.at\/wp-content\/uploads\/2019\/03\/IMG_5554-300x201.jpg 300w, https:\/\/buehne-weinburg.at\/wp-content\/uploads\/2019\/03\/IMG_5554-1024x688.jpg 1024w\" sizes=\"(max-width: 300px) 100vw, 300px\" \/><\/a> <a href=\"http:\/\/buehne-weinburg.at\/wp-content\/uploads\/2019\/03\/IMG_5565.jpg\"><img loading=\"lazy\" decoding=\"async\" class=\"alignright size-medium wp-image-1141\" src=\"http:\/\/buehne-weinburg.at\/wp-content\/uploads\/2019\/03\/IMG_5565-300x163.jpg\" alt=\"IMG_5565\" width=\"300\" height=\"163\" srcset=\"https:\/\/buehne-weinburg.at\/wp-content\/uploads\/2019\/03\/IMG_5565-300x163.jpg 300w, https:\/\/buehne-weinburg.at\/wp-content\/uploads\/2019\/03\/IMG_5565-1024x559.jpg 1024w\" sizes=\"(max-width: 300px) 100vw, 300px\" \/><\/a> <a href=\"http:\/\/buehne-weinburg.at\/wp-content\/uploads\/2019\/03\/IMG_5597.jpg\"><img loading=\"lazy\" decoding=\"async\" class=\"alignright size-medium wp-image-1142\" src=\"http:\/\/buehne-weinburg.at\/wp-content\/uploads\/2019\/03\/IMG_5597-300x156.jpg\" alt=\"IMG_5597\" width=\"300\" height=\"156\" srcset=\"https:\/\/buehne-weinburg.at\/wp-content\/uploads\/2019\/03\/IMG_5597-300x156.jpg 300w, https:\/\/buehne-weinburg.at\/wp-content\/uploads\/2019\/03\/IMG_5597-1024x535.jpg 1024w\" sizes=\"(max-width: 300px) 100vw, 300px\" \/><\/a> <a href=\"http:\/\/buehne-weinburg.at\/wp-content\/uploads\/2019\/03\/IMG_5626.jpg\"><img loading=\"lazy\" decoding=\"async\" class=\"alignright size-medium wp-image-1143\" src=\"http:\/\/buehne-weinburg.at\/wp-content\/uploads\/2019\/03\/IMG_5626-300x204.jpg\" alt=\"IMG_5626\" width=\"300\" height=\"204\" srcset=\"https:\/\/buehne-weinburg.at\/wp-content\/uploads\/2019\/03\/IMG_5626-300x204.jpg 300w, https:\/\/buehne-weinburg.at\/wp-content\/uploads\/2019\/03\/IMG_5626-1024x696.jpg 1024w\" sizes=\"(max-width: 300px) 100vw, 300px\" \/><\/a> <a href=\"http:\/\/buehne-weinburg.at\/wp-content\/uploads\/2019\/03\/IMG_1286.jpg\"><img loading=\"lazy\" decoding=\"async\" class=\"alignright size-medium wp-image-1144\" src=\"http:\/\/buehne-weinburg.at\/wp-content\/uploads\/2019\/03\/IMG_1286-300x190.jpg\" alt=\"IMG_1286\" width=\"300\" height=\"190\" srcset=\"https:\/\/buehne-weinburg.at\/wp-content\/uploads\/2019\/03\/IMG_1286-300x190.jpg 300w, https:\/\/buehne-weinburg.at\/wp-content\/uploads\/2019\/03\/IMG_1286-1024x649.jpg 1024w\" sizes=\"(max-width: 300px) 100vw, 300px\" \/><\/a> <a href=\"http:\/\/buehne-weinburg.at\/wp-content\/uploads\/2019\/03\/IMG_1265.jpg\"><img loading=\"lazy\" decoding=\"async\" class=\"alignright size-medium wp-image-1145\" src=\"http:\/\/buehne-weinburg.at\/wp-content\/uploads\/2019\/03\/IMG_1265-300x225.jpg\" alt=\"IMG_1265\" width=\"300\" height=\"225\" srcset=\"https:\/\/buehne-weinburg.at\/wp-content\/uploads\/2019\/03\/IMG_1265-300x225.jpg 300w, https:\/\/buehne-weinburg.at\/wp-content\/uploads\/2019\/03\/IMG_1265-1024x768.jpg 1024w\" sizes=\"(max-width: 300px) 100vw, 300px\" \/><\/a> <a href=\"http:\/\/buehne-weinburg.at\/wp-content\/uploads\/2019\/03\/IMG_5580.jpg\"><img loading=\"lazy\" decoding=\"async\" class=\"alignright size-medium wp-image-1146\" src=\"http:\/\/buehne-weinburg.at\/wp-content\/uploads\/2019\/03\/IMG_5580-300x225.jpg\" alt=\"IMG_5580\" width=\"300\" height=\"225\" srcset=\"https:\/\/buehne-weinburg.at\/wp-content\/uploads\/2019\/03\/IMG_5580-300x225.jpg 300w, https:\/\/buehne-weinburg.at\/wp-content\/uploads\/2019\/03\/IMG_5580-1024x768.jpg 1024w\" sizes=\"(max-width: 300px) 100vw, 300px\" \/><\/a> <a href=\"http:\/\/buehne-weinburg.at\/wp-content\/uploads\/2019\/03\/IMG_5538.jpg\"><img loading=\"lazy\" decoding=\"async\" class=\"alignright size-medium wp-image-1147\" src=\"http:\/\/buehne-weinburg.at\/wp-content\/uploads\/2019\/03\/IMG_5538-300x225.jpg\" alt=\"IMG_5538\" width=\"300\" height=\"225\" srcset=\"https:\/\/buehne-weinburg.at\/wp-content\/uploads\/2019\/03\/IMG_5538-300x225.jpg 300w, https:\/\/buehne-weinburg.at\/wp-content\/uploads\/2019\/03\/IMG_5538-1024x768.jpg 1024w\" sizes=\"(max-width: 300px) 100vw, 300px\" \/><\/a> <a href=\"http:\/\/buehne-weinburg.at\/wp-content\/uploads\/2019\/03\/IMG_1278.jpg\"><img loading=\"lazy\" decoding=\"async\" class=\"alignright size-medium wp-image-1148\" src=\"http:\/\/buehne-weinburg.at\/wp-content\/uploads\/2019\/03\/IMG_1278-300x199.jpg\" alt=\"IMG_1278\" width=\"300\" height=\"199\" srcset=\"https:\/\/buehne-weinburg.at\/wp-content\/uploads\/2019\/03\/IMG_1278-300x199.jpg 300w, https:\/\/buehne-weinburg.at\/wp-content\/uploads\/2019\/03\/IMG_1278-1024x679.jpg 1024w\" sizes=\"(max-width: 300px) 100vw, 300px\" \/><\/a> <a href=\"http:\/\/buehne-weinburg.at\/wp-content\/uploads\/2019\/03\/IMG_5557.jpg\"><img loading=\"lazy\" decoding=\"async\" class=\"alignright size-medium wp-image-1149\" src=\"http:\/\/buehne-weinburg.at\/wp-content\/uploads\/2019\/03\/IMG_5557-300x175.jpg\" alt=\"IMG_5557\" width=\"300\" height=\"175\" srcset=\"https:\/\/buehne-weinburg.at\/wp-content\/uploads\/2019\/03\/IMG_5557-300x175.jpg 300w, https:\/\/buehne-weinburg.at\/wp-content\/uploads\/2019\/03\/IMG_5557-1024x597.jpg 1024w\" sizes=\"(max-width: 300px) 100vw, 300px\" \/><\/a>Kulturreise nach Sarajevo von 30. August bis 1. September 2019 organisiert vom \u201eKulturverein B\u00fchne Weinburg\u201c Wir haben die Stadt genossen und k\u00f6nnen nur jedem Empfehlen diese tolle lebendige Stadt zu besuchen !!!!!!!!!!!!!!!<\/strong><\/p>\n<ol>\n<li>Tag: Anreise \u00fcber Zagreb und Gradisca nach Jajce. F\u00fchrung und Mittagessen vor Ort. Auf der Bergspitze im Zentrum von Jajce befindet sich die spektakul\u00e4re mittelalterliche Festung. Um die Festung sind die alten H\u00e4user im altbosnischen Stil erbaut, w\u00e4hrend unter ihnen der Fluss Pliva von zwei wundersch\u00f6nen 27 Meter hohen Wasserf\u00e4llen hinabst\u00fcrzt. Keine andere bosnisch-herzegowinische Stadt hat auf so einem kleinen Gebiet so viel Kulturerbe und architektonischer Stile vereinigt. Einer neben dem anderen befinden sich der r\u00f6mische Tempel aus dem 3. Jahrhundert, dem Gott Mitras gewidmet, und das sehr wertvolle Beispiel der mittelalterlichen Architektur, der alte Glockenturm der St. Luka Kirche. Unter der Kirche sind Katakomben in denen Adelige und hohe Kirchenbeamten beerdigt wurden. All das ist f\u00fcr Besucher ge\u00f6ffnet. Weiterreise nach Sarajevo und Zimmerbezug im Hotel im Zentrum von Sarajevo. AE\/N\u00c4<\/li>\n<li>Tag: (F) Stadtbesichtigung von Sarajevo \u2013 die Stadt mit sehr reicher Geschichte. Der wundersch\u00f6ne Ottoman Stil der Moscheen und der Architektur, das alte Bazaar mit kleinen Gesch\u00e4ften, Kaffes und viele Restaurants mit traditionellen bosnischen Spezialit\u00e4ten, das alles finden Sie im Stadtkern in Sarajevo. In der N\u00e4he sind auch katholische und orthodoxe Kirchen und Synagoge. Weiter folgt die Stadtbesichtigung \u00fcber die Gavrilo Princip Br\u00fccke (Attentat von 1914. Von Erzherzog Ferdinand), Kaiser Moschee, Franziskanerkloster von hl. Ante, Svrzo Museum (Haus und Garten von damaligem ottomanischem Gouverneur), Gazi Husrev Bey Moschee (eine der sch\u00f6nsten Beispiele der ottomanischen Architektur auf dem Balkan). Mittagessen im lokalen Restaurant.\u00a0 Am Nachmittag besuchen Sie den Tunnel der Hoffnung und sp\u00fcren Sie, wie es war, w\u00e4hrend der Belagerung von Sarajevo die einzige Ausfahrt zu passieren. Dort sehen Sie eine kurze Dokumentation und h\u00f6ren Geschichten von Menschen, die alles \u00fcberlebt haben. Besuchen Sie den olympischen Komplex und h\u00f6ren Sie die Geschichte der Olympischen Spiele von 1984. Dies ist der Teil der Tour, an dem wir uns an die goldenen Zeiten von Sarajevo erinnern und wann es das Zentrum der Welt war. Abendessen in einem Restaurant in der Altstadt. N\u00c4<\/li>\n<li>Tag: Heimreise \u00fcber Zenica, Doboj, Slavonski Brod und Zagreb zur\u00fcck nach Weinburg.Leistungen: Busfahrt, 2x N\u00e4chtigung im 4* Hotel im Zentrum von Sarajevo, 2x Fr\u00fchst\u00fcck vom Buffet, 1x Reisebegleitung ab Grenze HR\/BIH bis Sarajevo, Stadtf\u00fchrung in Jajce, 3-Gang-Mittagessen in Jajce, Abendessen im Hotel am 1. Tag, Stadtf\u00fchrung Ganztag 2. Tag Sarajevo, 3-Gang-Abendessen in einem Restaurant in der Altstadt von Sarajevo am 2. Tag, Ortstaxe Sarajevo\u00a0\u00a0\u00a0\u00a0\u00a0\u00a0\u00a0\u00a0\u00a0\u00a0\u00a0\u00a0\u00a0\u00a0\u00a0\u00a0\u00a0\u00a0\u00a0\u00a0\u00a0\u00a0\u00a0\u00a0\u00a0\u00a0\u00a0\u00a0\u00a0\u00a0\u00a0\u00a0\u00a0\u00a0\u00a0\u00a0\u00a0\u00a0\u00a0\u00a0\u00a0\u00a0\u00a0\u00a0\u00a0\u00a0\u00a0\u00a0\u00a0\u00a0\u00a0\u00a0\u00a0\u00a0\u00a0\u00a0\u00a0\u00a0\u00a0\u00a0\u00a0\u00a0\u00a0\u00a0\u00a0\u00a0\u00a0\u00a0\u00a0\u00a0\u00a0\u00a0\u00a0\u00a0\u00a0\u00a0\u00a0\u00a0\u00a0\u00a0\u00a0\u00a0\u00a0\u00a0\u00a0\u00a0\u00a0\u00a0\u00a0\u00a0\u00a0\u00a0\u00a0\u00a0\u00a0\u00a0\u00a0\u00a0\u00a0\u00a0\u00a0\u00a0\u00a0\u00a0\u00a0\u00a0\u00a0\u00a0\u00a0\u00a0\u00a0\u00a0\u00a0\u00a0\u00a0\u00a0\u00a0\u00a0\u00a0\u00a0\u00a0\u00a0\u00a0\u00a0\u00a0\u00a0\u00a0\u00a0\u00a0\u00a0\u00a0\u00a0\u00a0\u00a0\u00a0\u00a0\u00a0\u00a0\u00a0\u00a0\u00a0\u00a0\u00a0\u00a0\u00a0\u00a0\u00a0\u00a0\u00a0\u00a0\u00a0\u00a0\u00a0\u00a0\u00a0\u00a0\u00a0\u00a0\u00a0\u00a0\u00a0\u00a0\u00a0\u00a0\u00a0\u00a0\u00a0\u00a0\u00a0\u00a0\u00a0\u00a0\u00a0\u00a0\u00a0\u00a0\u00a0\u00a0\u00a0\u00a0\u00a0\u00a0\u00a0\u00a0\u00a0 <a href=\"http:\/\/buehne-weinburg.at\/wp-content\/uploads\/2019\/03\/Reisebericht-Sarajevo-Blick.jpg\"><img loading=\"lazy\" decoding=\"async\" class=\"alignright size-medium wp-image-1123\" src=\"http:\/\/buehne-weinburg.at\/wp-content\/uploads\/2019\/03\/Reisebericht-Sarajevo-Blick-199x300.jpg\" alt=\"sarajevo\" width=\"199\" height=\"300\" srcset=\"https:\/\/buehne-weinburg.at\/wp-content\/uploads\/2019\/03\/Reisebericht-Sarajevo-Blick-199x300.jpg 199w, https:\/\/buehne-weinburg.at\/wp-content\/uploads\/2019\/03\/Reisebericht-Sarajevo-Blick.jpg 532w\" sizes=\"(max-width: 199px) 100vw, 199px\" \/><\/a>Preis pro Person im Einbettzimmer: \u20ac 320,00Anmeldung. Voit Josef Tel.: 0664\/7600266 Preis pro Person im Doppelzimmer: \u20ac 300,00<\/li>\n<\/ol>\n","protected":false},"excerpt":{"rendered":"<p>Kulturreise nach Sarajevo von 30. August bis 1. September 2019 organisiert vom \u201eKulturverein B\u00fchne Weinburg\u201c Wir haben die Stadt genossen und k\u00f6nnen nur jedem Empfehlen diese tolle lebendige Stadt zu besuchen !!!!!!!!!!!!!!! Tag: Anreise \u00fcber Zagreb und Gradisca nach Jajce. F\u00fchrung und Mittagessen vor Ort. Auf der Bergspitze im Zentrum von Jajce befindet sich die [&hellip;]<\/p>\n","protected":false},"author":2,"featured_media":1124,"comment_status":"closed","ping_status":"closed","sticky":false,"template":"","format":"standard","meta":{"footnotes":""},"categories":[21],"tags":[],"_links":{"self":[{"href":"https:\/\/buehne-weinburg.at\/index.php?rest_route=\/wp\/v2\/posts\/1122"}],"collection":[{"href":"https:\/\/buehne-weinburg.at\/index.php?rest_route=\/wp\/v2\/posts"}],"about":[{"href":"https:\/\/buehne-weinburg.at\/index.php?rest_route=\/wp\/v2\/types\/post"}],"author":[{"embeddable":true,"href":"https:\/\/buehne-weinburg.at\/index.php?rest_route=\/wp\/v2\/users\/2"}],"replies":[{"embeddable":true,"href":"https:\/\/buehne-weinburg.at\/index.php?rest_route=%2Fwp%2Fv2%2Fcomments&post=1122"}],"version-history":[{"count":4,"href":"https:\/\/buehne-weinburg.at\/index.php?rest_route=\/wp\/v2\/posts\/1122\/revisions"}],"predecessor-version":[{"id":1152,"href":"https:\/\/buehne-weinburg.at\/index.php?rest_route=\/wp\/v2\/posts\/1122\/revisions\/1152"}],"wp:featuredmedia":[{"embeddable":true,"href":"https:\/\/buehne-weinburg.at\/index.php?rest_route=\/wp\/v2\/media\/1124"}],"wp:attachment":[{"href":"https:\/\/buehne-weinburg.at\/index.php?rest_route=%2Fwp%2Fv2%2Fmedia&parent=1122"}],"wp:term":[{"taxonomy":"category","embeddable":true,"href":"https:\/\/buehne-weinburg.at\/index.php?rest_route=%2Fwp%2Fv2%2Fcategories&post=1122"},{"taxonomy":"post_tag","embeddable":true,"href":"https:\/\/buehne-weinburg.at\/index.php?rest_route=%2Fwp%2Fv2%2Ftags&post=1122"}],"curies":[{"name":"wp","href":"https:\/\/api.w.org\/{rel}","templated":true}]}}