{"id":1169,"date":"2020-01-15T14:00:36","date_gmt":"2020-01-15T12:00:36","guid":{"rendered":"http:\/\/buehne-weinburg.at\/?p=1169"},"modified":"2020-04-05T20:30:14","modified_gmt":"2020-04-05T18:30:14","slug":"7-maerz-2020-die-lange-nacht-des-kabaretts","status":"publish","type":"post","link":"https:\/\/buehne-weinburg.at\/?p=1169","title":{"rendered":"7.M\u00e4rz 2020 DIE LANGE NACHT DES KABARETTS"},"content":{"rendered":"<div class=\"row\">\n<div class=\"col-lg-3 col-md-3 col-sm-6 col-xs-12\">\n<div>\n<article class=\"image-frame px-img-frame  \">\n<figure><div id='gallery-1' class='gallery galleryid-1169 gallery-columns-3 gallery-size-thumbnail'><dl class='gallery-item'>\n\t\t\t<dt class='gallery-icon landscape'>\n\t\t\t\t<a href='https:\/\/buehne-weinburg.at\/?attachment_id=1211#main'><img loading=\"lazy\" decoding=\"async\" width=\"150\" height=\"150\" src=\"https:\/\/buehne-weinburg.at\/wp-content\/uploads\/2020\/01\/Die-Lange-Nacht-des-Kabaretts-8-150x150.jpg\" class=\"attachment-thumbnail size-thumbnail\" alt=\"\" \/><\/a>\n\t\t\t<\/dt><\/dl><dl class='gallery-item'>\n\t\t\t<dt class='gallery-icon landscape'>\n\t\t\t\t<a href='https:\/\/buehne-weinburg.at\/?attachment_id=1212#main'><img loading=\"lazy\" decoding=\"async\" width=\"150\" height=\"150\" src=\"https:\/\/buehne-weinburg.at\/wp-content\/uploads\/2020\/01\/Die-Lange-Nacht-des-Kabaretts-20-150x150.jpg\" class=\"attachment-thumbnail size-thumbnail\" alt=\"\" \/><\/a>\n\t\t\t<\/dt><\/dl>\n\t\t\t<br style='clear: both' \/>\n\t\t<\/div>\n<\/p>\n<p>Die lange Nacht des Kabaretts pr\u00e4sentiert 2020 folgende gro\u00dfartige K\u00fcnstler, diesen Abend zu vers\u00e4umen w\u00e4re eine reine S\u00fcnde!!<\/figure>\n<p>Karten unter \u00d6-Ticket oder der TElnr.: 0664\/7600266<a href=\"http:\/\/buehne-weinburg.at\/wp-content\/uploads\/2019\/10\/langenacht2019_stefanjohamt.jpg\"><img loading=\"lazy\" decoding=\"async\" class=\"alignright size-medium wp-image-1170\" src=\"http:\/\/buehne-weinburg.at\/wp-content\/uploads\/2019\/10\/langenacht2019_stefanjohamt-239x300.jpg\" alt=\"langenacht2019_stefanjohamt\" width=\"239\" height=\"300\" srcset=\"https:\/\/buehne-weinburg.at\/wp-content\/uploads\/2019\/10\/langenacht2019_stefanjohamt-239x300.jpg 239w, https:\/\/buehne-weinburg.at\/wp-content\/uploads\/2019\/10\/langenacht2019_stefanjohamt-819x1024.jpg 819w\" sizes=\"(max-width: 239px) 100vw, 239px\" \/><\/a><\/p>\n<section><\/section>\n<\/article>\n<\/div>\n<\/div>\n<div class=\"col-lg-3 col-md-3 col-sm-6 col-xs-12\"><\/div>\n<div class=\"col-lg-3 col-md-3 col-sm-6 col-xs-12\"><\/div>\n<div class=\"col-lg-3 col-md-3 col-sm-6 col-xs-12\"><\/div>\n<div class=\"col-lg-3 col-md-3 col-sm-6 col-xs-12\">\n<div class=\" px-section-title px-column  lightbox   col-md-12\">\n<h3>Sonja Pikart<\/h3>\n<p>Da schleicht sich doch glatt eine erfrischende Neue in die Kabarettszene: Bei Sonja Pikart verbinden sich kom\u00f6diantisches Talent, authentisches Auftreten, intelligente und freche Pointen aus dem Hinterhalt und ein gutes St\u00fcck Poesie zu einem gro\u00dfartigen und vielschichtigen Abend.<\/p>\n<p><a href=\"https:\/\/www.sonjapikart.com\/\" target=\"_blank\"><span style=\"text-decoration: underline;\"><span style=\"color: #0066cc;\">Webseite Sonja Pikart<\/span><\/span><\/a><br \/>\n<a href=\"https:\/\/www.inskabarett.at\/kabarettisten\/kuenstler\/sonja-pikart\/\" target=\"_blank\"><span style=\"text-decoration: underline;\"><span style=\"color: #0066cc;\">Sonja auf insKabarett.com<\/span><\/span><\/a><\/p>\n<\/div>\n<\/div>\n<div class=\"col-lg-3 col-md-3 col-sm-6 col-xs-12\">\n<div class=\" px-section-title px-column  lightbox   col-md-12\">\n<h3>BE Quadrat<\/h3>\n<p>BEttina Bogdany &amp; BErnhard Viktorin sind BE-Quadrat. Sie verbinden BEgnadete Stimmen und BEeindruckende Klavierakrobatik mit BEgeisternder Comedy.<br \/>\nDas rasanteste Musikkabarett \u00d6sterreichs!<\/p>\n<p><a href=\"http:\/\/www.be-quadrat.at\/\" target=\"_blank\"><span style=\"text-decoration: underline;\"><span style=\"color: #0066cc;\">Webseite BE Quadrat<\/span><\/span><\/a><br \/>\n<a href=\"https:\/\/www.inskabarett.at\/kabarettisten\/kuenstler\/be-quadrat\/\" target=\"_blank\"><span style=\"text-decoration: underline;\"><span style=\"color: #0066cc;\">BE Quadrat auf insKabarett.com<\/span><\/span><\/a><\/p>\n<\/div>\n<\/div>\n<div class=\"col-lg-3 col-md-3 col-sm-6 col-xs-12\">\n<div class=\" px-section-title px-column  lightbox   col-md-12\">\n<h3>Jo Strauss<\/h3>\n<p>Der studierte Philosoph, Scharfrichterbeil-Gewinner und Liedermacher Jo Strauss \u00fcberzeugt mit tiefschwarzem Humor, philosophischem Tiefgang und brillantem Songwriting. Philosophisch, melancholisch, morbide &#8211; wundersch\u00f6n.<\/p>\n<p><a href=\"https:\/\/www.jo-strauss.at\/\" target=\"_blank\"><span style=\"text-decoration: underline;\"><span style=\"color: #0066cc;\">Webseite Jo Strauss<\/span><\/span><\/a><\/p>\n<\/div>\n<\/div>\n<div class=\"col-lg-3 col-md-3 col-sm-6 col-xs-12\">\n<div class=\" px-section-title px-column  lightbox   col-md-12\">\n<h3>Didi Sommer<\/h3>\n<p>Der Sommer wurde im Winter geboren, ist im M\u00fchlviertel aufgewachsen, lebt und arbeitet aber in Wien, weil es im M\u00fchlviertel keine Arbeit gibt f\u00fcr ihn. Er war Ganzk\u00f6rper-Poetry-Slammer und ist jetzt Kabarettspieler mit Geschichten ganz nahe an den Menschen.<\/p>\n<p><a href=\"https:\/\/www.inskabarett.at\/kabarettisten\/kuenstler\/didi-sommer\/\" target=\"_blank\"><span style=\"text-decoration: underline;\"><span style=\"color: #0066cc;\">Didi Sommer auf insKabarett.com<\/span><\/span><\/a><br \/>\n<a href=\"https:\/\/www.didi-sommer.at\/\" target=\"_blank\"><span style=\"text-decoration: underline;\"><span style=\"color: #0066cc;\">Webseite von Didi Sommer<\/span><\/span><\/a><\/p>\n<\/div>\n<\/div>\n<\/div>\n","protected":false},"excerpt":{"rendered":"<p>Die lange Nacht des Kabaretts pr\u00e4sentiert 2020 folgende gro\u00dfartige K\u00fcnstler, diesen Abend zu vers\u00e4umen w\u00e4re eine reine S\u00fcnde!! Karten unter \u00d6-Ticket oder der TElnr.: 0664\/7600266 Sonja Pikart Da schleicht sich doch glatt eine erfrischende Neue in die Kabarettszene: Bei Sonja Pikart verbinden sich kom\u00f6diantisches Talent, authentisches Auftreten, intelligente und freche Pointen aus dem Hinterhalt und [&hellip;]<\/p>\n","protected":false},"author":2,"featured_media":1167,"comment_status":"closed","ping_status":"closed","sticky":false,"template":"","format":"standard","meta":{"footnotes":""},"categories":[22],"tags":[],"_links":{"self":[{"href":"https:\/\/buehne-weinburg.at\/index.php?rest_route=\/wp\/v2\/posts\/1169"}],"collection":[{"href":"https:\/\/buehne-weinburg.at\/index.php?rest_route=\/wp\/v2\/posts"}],"about":[{"href":"https:\/\/buehne-weinburg.at\/index.php?rest_route=\/wp\/v2\/types\/post"}],"author":[{"embeddable":true,"href":"https:\/\/buehne-weinburg.at\/index.php?rest_route=\/wp\/v2\/users\/2"}],"replies":[{"embeddable":true,"href":"https:\/\/buehne-weinburg.at\/index.php?rest_route=%2Fwp%2Fv2%2Fcomments&post=1169"}],"version-history":[{"count":2,"href":"https:\/\/buehne-weinburg.at\/index.php?rest_route=\/wp\/v2\/posts\/1169\/revisions"}],"predecessor-version":[{"id":1213,"href":"https:\/\/buehne-weinburg.at\/index.php?rest_route=\/wp\/v2\/posts\/1169\/revisions\/1213"}],"wp:featuredmedia":[{"embeddable":true,"href":"https:\/\/buehne-weinburg.at\/index.php?rest_route=\/wp\/v2\/media\/1167"}],"wp:attachment":[{"href":"https:\/\/buehne-weinburg.at\/index.php?rest_route=%2Fwp%2Fv2%2Fmedia&parent=1169"}],"wp:term":[{"taxonomy":"category","embeddable":true,"href":"https:\/\/buehne-weinburg.at\/index.php?rest_route=%2Fwp%2Fv2%2Fcategories&post=1169"},{"taxonomy":"post_tag","embeddable":true,"href":"https:\/\/buehne-weinburg.at\/index.php?rest_route=%2Fwp%2Fv2%2Ftags&post=1169"}],"curies":[{"name":"wp","href":"https:\/\/api.w.org\/{rel}","templated":true}]}}