{"id":1195,"date":"2020-01-16T16:59:56","date_gmt":"2020-01-16T14:59:56","guid":{"rendered":"http:\/\/buehne-weinburg.at\/?p=1195"},"modified":"2021-10-03T13:09:46","modified_gmt":"2021-10-03T11:09:46","slug":"andreas-poettler-konzertgitarrist","status":"publish","type":"post","link":"https:\/\/buehne-weinburg.at\/?p=1195","title":{"rendered":"Andreas P\u00f6ttler Konzertgitarrist"},"content":{"rendered":"<p><span style=\"color: #ff0000;\"><em><strong>ABGESAGT!!<\/strong><\/em><\/span><\/p>\n<p>Konzert mit Gesang am 18.April 2020 mit Beginn um 20:00<\/p>\n<p>Andreas P\u00f6ttler wurde 1985 in Graz geboren und erhielt seine erste musikalische Ausbildung an der Musikschule P\u00f6llau. W\u00e4hrend der Musikschulzeit wurde er mehrfacher Preistr\u00e4ger beim Landes- und Bundesjugendmusikwettbewerb \u201ePrima La Musica\u201c.<\/p>\n<p>2004 maturierte er am BORG Birkfeld und absolvierte nebenbei den Vorbereitungslehrgang Gitarre an der Universit\u00e4t f\u00fcr Musik und darstellende Kunst in Wien. 2005 wechselte er an die Privatuniversit\u00e4t Konservatorium Wien und begann das Studium \u201eKonzertfach Gitarre\u201c.<\/p>\n<p>2012 schloss er das Masterstudium \u201eKonzertfach Gitarre\u201c mit Auszeichnung ab, und erlangte den Titel \u201eMaster of Arts\u201c. Zus\u00e4tzlich begann er an der Universit\u00e4t f\u00fcr Musik und darstellende Kunst in Wien mit dem Bachelor und Magisterstudium \u201eInstrumental- und Gesangsp\u00e4dagogik\u201c und schloss es 2015 ebenfalls mit Auszeichnung ab.<\/p>\n<p>W\u00e4hrend seiner Studienzeit wurde er mehrmals mit Leistungsstipendien aus den Mitteln des BMWF ausgezeichnet und 2012 wurde er f\u00fcr das Stipendium der TOKYO-FOUNDATION ausgew\u00e4hlt. Im selben Jahr gewann Andreas P\u00f6ttler das \u201eHighVirtuosity\u201c Auswahlspiel und gab anschlie\u00dfend sein Debut als Solist im Wiener Musikverein.<\/p>\n<p>Neben solistischen Konzertauftritten in \u00d6sterreich, Deutschland, Polen, Italien, Ungarn und Kanada waren weitere H\u00f6hepunkte Rundfunkaufnahmen f\u00fcr \u00d61, Radio Steiermark, Radio Soundportal und die Live Konzertaufnahme f\u00fcr BIA TV (Ungarn). Des Weiteren war Andreas P\u00f6ttler 2009 Gastmusiker beim Wiener Jeunesse Orchester, beim Webern Symphonieorchester, 2008 beim Murcia Youth Symphonieorchester (Spanien) und beim Stadtorchester Weiz (2016).<\/p>\n<p>Andreas P\u00f6ttler ist Dozent bei diversen Musikseminaren, Meisterkursen und Workshops und seit 2012 als Musikschullehrer an der Musikschule Weiz t\u00e4tig. Unter seinen Sch\u00fclern sind mehrere Preistr\u00e4ger mit ersten Preisen bei nationaler und internationaler Wettbewerbe. Einen besonderen Wert legt Andreas P\u00f6ttler auf vielf\u00e4ltige Unterrichtsme\u00adthoden in der Musikp\u00e4dagogik. Der Fokus liegt dabei auf aktuelle Erkenntnisse aus dem Bereich der Sport- und Musikpsychologie.<\/p>\n","protected":false},"excerpt":{"rendered":"<p>ABGESAGT!! Konzert mit Gesang am 18.April 2020 mit Beginn um 20:00 Andreas P\u00f6ttler wurde 1985 in Graz geboren und erhielt seine erste musikalische Ausbildung an der Musikschule P\u00f6llau. W\u00e4hrend der Musikschulzeit wurde er mehrfacher Preistr\u00e4ger beim Landes- und Bundesjugendmusikwettbewerb \u201ePrima La Musica\u201c. 2004 maturierte er am BORG Birkfeld und absolvierte nebenbei den Vorbereitungslehrgang Gitarre an [&hellip;]<\/p>\n","protected":false},"author":2,"featured_media":1196,"comment_status":"closed","ping_status":"closed","sticky":false,"template":"","format":"standard","meta":{"footnotes":""},"categories":[22],"tags":[],"_links":{"self":[{"href":"https:\/\/buehne-weinburg.at\/index.php?rest_route=\/wp\/v2\/posts\/1195"}],"collection":[{"href":"https:\/\/buehne-weinburg.at\/index.php?rest_route=\/wp\/v2\/posts"}],"about":[{"href":"https:\/\/buehne-weinburg.at\/index.php?rest_route=\/wp\/v2\/types\/post"}],"author":[{"embeddable":true,"href":"https:\/\/buehne-weinburg.at\/index.php?rest_route=\/wp\/v2\/users\/2"}],"replies":[{"embeddable":true,"href":"https:\/\/buehne-weinburg.at\/index.php?rest_route=%2Fwp%2Fv2%2Fcomments&post=1195"}],"version-history":[{"count":2,"href":"https:\/\/buehne-weinburg.at\/index.php?rest_route=\/wp\/v2\/posts\/1195\/revisions"}],"predecessor-version":[{"id":1210,"href":"https:\/\/buehne-weinburg.at\/index.php?rest_route=\/wp\/v2\/posts\/1195\/revisions\/1210"}],"wp:featuredmedia":[{"embeddable":true,"href":"https:\/\/buehne-weinburg.at\/index.php?rest_route=\/wp\/v2\/media\/1196"}],"wp:attachment":[{"href":"https:\/\/buehne-weinburg.at\/index.php?rest_route=%2Fwp%2Fv2%2Fmedia&parent=1195"}],"wp:term":[{"taxonomy":"category","embeddable":true,"href":"https:\/\/buehne-weinburg.at\/index.php?rest_route=%2Fwp%2Fv2%2Fcategories&post=1195"},{"taxonomy":"post_tag","embeddable":true,"href":"https:\/\/buehne-weinburg.at\/index.php?rest_route=%2Fwp%2Fv2%2Ftags&post=1195"}],"curies":[{"name":"wp","href":"https:\/\/api.w.org\/{rel}","templated":true}]}}