{"id":1347,"date":"2025-01-18T09:04:54","date_gmt":"2025-01-18T07:04:54","guid":{"rendered":"https:\/\/buehne-weinburg.at\/?p=1347"},"modified":"2025-05-27T19:31:38","modified_gmt":"2025-05-27T17:31:38","slug":"rudi-dolezal-samstag-24-mai-2025","status":"publish","type":"post","link":"https:\/\/buehne-weinburg.at\/?p=1347","title":{"rendered":"Rudi Dolezal Samstag 24.Mai 2025"},"content":{"rendered":"\n<p><strong>Lese-Show  100 Jahre Austropop <\/strong><\/p>\n\n\n\n<p>Karten unter \u00d6-Ticket und Tel: 0664\/7600266<\/p>\n\n\n\n<figure class=\"wp-block-gallery has-nested-images columns-default is-cropped wp-block-gallery-1 is-layout-flex wp-block-gallery-is-layout-flex\">\n<figure class=\"wp-block-image size-large\"><a href=\"https:\/\/buehne-weinburg.at\/wp-content\/uploads\/2025\/01\/Dolezal.jpg\"><img loading=\"lazy\" decoding=\"async\" width=\"828\" height=\"828\" data-id=\"1349\" src=\"https:\/\/buehne-weinburg.at\/wp-content\/uploads\/2025\/01\/Dolezal.jpg\" alt=\"\" class=\"wp-image-1349\" srcset=\"https:\/\/buehne-weinburg.at\/wp-content\/uploads\/2025\/01\/Dolezal.jpg 828w, https:\/\/buehne-weinburg.at\/wp-content\/uploads\/2025\/01\/Dolezal-300x300.jpg 300w, https:\/\/buehne-weinburg.at\/wp-content\/uploads\/2025\/01\/Dolezal-150x150.jpg 150w, https:\/\/buehne-weinburg.at\/wp-content\/uploads\/2025\/01\/Dolezal-768x768.jpg 768w\" sizes=\"(max-width: 828px) 100vw, 828px\" \/><\/a><\/figure>\n<\/figure>\n\n\n\n<p>Der renommierte \u201eRock Professor\u201c Rudi Dolezal feiert die Premiere seines neuesten Programms \u201e100 Jahre AUSTROPOP \u2013 Weltber\u00fchmt in \u00d6sterreich\u2026\u201c und entf\u00fchrt das Publikum auf eine spannende Reise durch die Geschichte des Austropop.<\/p>\n\n\n\n<p>\u00dcber das Programm:<\/p>\n\n\n\n<p>Rudi Dolezal, der seit \u00fcber&nbsp;40&nbsp;Jah\u00adren als Regis\u00adseur und Beglei\u00adter der gr\u00f6\u00df\u00adten Stars des Aus\u00adtro\u00adpop t\u00e4tig ist, pr\u00e4\u00adsen\u00adtiert in die\u00adser ein\u00adzig\u00adar\u00adti\u00adgen Show fas\u00adzi\u00adnie\u00adren\u00adde Anek\u00addo\u00adten, unver\u00ad\u00f6f\u00adfent\u00adlich\u00adte Vide\u00ados und Live-Kon\u00adzert-Auf\u00adzeich\u00adnun\u00adgen. K\u00fcnst\u00adler wie Wolf\u00adgang Ambros, Wan\u00adda, Rain\u00adhard Fend\u00adrich, Chris\u00adti\u00adna St\u00fcr\u00admer, Fal\u00adco und vie\u00adle wei\u00adte\u00adre z\u00e4h\u00adlen zu sei\u00adnen lang\u00adj\u00e4h\u00adri\u00adgen Wegbegleitern.<\/p>\n\n\n\n<p>Das Pro\u00adgramm basiert auf Dolezals B\u00fcchern&nbsp;\u200b\u201eDie Geschich\u00adte des Aus\u00adtro\u00adpop in&nbsp;20&nbsp;Songs\u201c (Ser\u00advus Ver\u00adlag) und&nbsp;\u200b\u201eAus\u00adtro\u00adpop \u2013 Das Buch\u201c (Bos\u00adworth Ver\u00adlag) und kom\u00adbi\u00adniert Lesung, freie Erz\u00e4h\u00adlung und Vide\u00ados zu einem unver\u00adgess\u00adli\u00adchen Erleb\u00adnis.&nbsp;\u200b\u201eDer Mix aus gespro\u00adche\u00adnem Wort, Musik und visu\u00adel\u00adlen High\u00adlights sorgt f\u00fcr einen beson\u00adde\u00adren Flow, der die Zuschau\u00ader fes\u00adseln wird!\u201c so Rudi Dolezal zu sei\u00adnem neu\u00aden Programm.<\/p>\n\n\n\n<p><br>Exklu\u00adsi\u00adve Geschichten:<\/p>\n\n\n\n<p>Freu\u00aden Sie sich auf span\u00adnen\u00adde und unter\u00adhalt\u00adsa\u00adme Geschich\u00adten, die bis\u00adher noch nie erz\u00e4hlt wurden:<\/p>\n\n\n\n<p>Wolf\u00adgang Ambros\u2019 dra\u00adma\u00adti\u00adscher Tauch\u00adun\u00adfall und die Ent\u00adste\u00adhung einer Austropop-Hymne.<\/p>\n\n\n\n<p>Skur\u00adri\u00adle Dreh\u00adar\u00adbei\u00adten mit der&nbsp;EAV&nbsp;und die dar\u00adaus resul\u00adtie\u00adren\u00adden absurd-lus\u00adti\u00adgen Szenen.<\/p>\n\n\n\n<p>Nach\u00adtro\u00addeln mit Georg Dan\u00adzer und Rain\u00adhard Fend\u00adrich, samt ihrer spek\u00adta\u00adku\u00adl\u00e4\u00adren St\u00fcrze.<\/p>\n\n\n\n<p>War\u00adum Wil\u00adfried beim Song&nbsp;\u200b\u201eHigh\u00addel\u00adbee\u00adren\u201c doch nicht high war oder wie die Songs&nbsp;\u200b\u201eKoka\u00adin\u201c,&nbsp;\u200b\u201eRock Me Ama\u00adde\u00adus\u201c oder&nbsp;\u200b\u201eOid Wurd\u00b4n\u201c wirk\u00adlich ent\u00adstan\u00adden\u2026 und vie\u00adle wei\u00adte\u00adre exklu\u00adsi\u00adve Ein\u00adbli\u00adcke in das Leben und die Aben\u00adteu\u00ader der Austropop-Stars.<\/p>\n\n\n\n<p>War\u00adum&nbsp;\u200b\u201e100&nbsp;Jahre\u201c?<\/p>\n\n\n\n<p>Rudi Dolezal erkl\u00e4rt:&nbsp;\u200b\u201e\u00d6ster\u00adrei\u00adchi\u00adsche K\u00fcnst\u00adler wie Her\u00admann Leo\u00adpol\u00addi, Pir\u00adron&nbsp;&amp;&nbsp;Knapp, Kurt Sowi\u00adnetz und Hel\u00admut Qualtin\u00adger leg\u00adten den Grund\u00adstein f\u00fcr das, was wir sp\u00e4\u00adter Aus\u00adtro\u00adpop nann\u00adten. Ihre Wer\u00adke bil\u00adden den Humus f\u00fcr die\u00adse musi\u00adka\u00adli\u00adsche Bewe\u00adgung, die nun schon seit einem Jahr\u00adhun\u00addert die Men\u00adschen begeistert.\u201c<\/p>\n\n\n\n<p>Ver\u00adpas\u00adsen Sie nicht das Pro\u00adgramm von&nbsp;\u200b\u201e100&nbsp;Jah\u00adre&nbsp;AUS\u00adTRO\u00adPOP&nbsp;\u2013 Welt\u00adbe\u00adr\u00fchmt in \u00d6ster\u00adreich\u2026\u201c und erle\u00adben Sie einen Abend vol\u00adler Musik, Geschich\u00adten und visu\u00adel\u00adler High\u00adlights von und mit Rudi Dolezal.<\/p>\n\n\n\n<p><br>Mehr als&nbsp;40&nbsp;Jah\u00adre beglei\u00adtet und unter\u00adst\u00fctzt&nbsp;\u200b\u201eRock Pro\u00adfes\u00adsor\u201c Rudi Dolezal nun schon die ver\u00adschie\u00addens\u00adten K\u00fcnst\u00adler des&nbsp;AUSTROPOP:<\/p>\n\n\n\n<p>von Wolf\u00adgang Ambros bis Wan\u00adda, Bil\u00adder\u00adbuch bis Georg Dan\u00adzer, Rain\u00adhard Fend\u00adrich bis Chris\u00adti\u00adna St\u00fcr\u00admer,&nbsp;STS&nbsp;bis Fal\u00adco, Opus bis&nbsp;EAV, Boris Bukow\u00adski bis Anna Mabo, den Schick Sis\u00adters, Mini\u00adsex, Andy Baum, Sei\u00adler&nbsp;&amp;&nbsp;Speer, Ste\u00adfa\u00adnie Wer\u00adger, Mari\u00adan\u00adne Mendt, Chris\u00adti\u00adan Kolo\u00adn\u00ado\u00advits, Wil\u00adli Rese\u00adta\u00adrits aka Kurt Ost\u00adbahn, Sabi\u00adna Hank, Andre\u00adas Gaba\u00adlier, Johann K. aka Hans Krankl, Mini\u00adsex, Kathi Stras\u00adser, Franz Morak, Bil\u00adge\u00adri, Wil\u00adfried, Peter Cor\u00adne\u00adli\u00adus, Aus\u00adtria&nbsp;3,&nbsp;5\/\u200b8erl in Ehr\u2019n, Die Seer, Andr\u00e9 Hel\u00adler, Maria Bill, Ulli B\u00e4er, Nino aus Wien, Han\u00adsi Lang, Tom Pet\u00adtings Herz\u00adat\u00adta\u00adcken (Eber\u00adhard For\u00adcher) Aus\u00adtria f\u00fcr Afri\u00adka,&nbsp;uvm.<\/p>\n\n\n\n<p>Was haben all die\u00adse \u00d6ster\u00adrei\u00adchi\u00adschen K\u00fcnst\u00adler gemein?<\/p>\n\n\n\n<p>Sie arbei\u00adte\u00adten bzw. arbei\u00adten bis heu\u00adte \u2013 zum Teil \u00fcber Jahr\u00adzehn\u00adte \u2013 mit Rudi Dolezal als Regis\u00adseur ihrer Musik-Vide\u00ados zusam\u00admen \u2013 aber auch f\u00fcr abend\u00adf\u00fcl\u00adlen\u00adde Dokus (\u201eAus\u00adto\u00adpoop-Legen\u00adden\u201c bei Ser\u00advus&nbsp;TV&nbsp;oder&nbsp;\u200b\u201eWelt\u00adbe\u00adr\u00fchmt in \u00d6ster\u00adreich\u201c f\u00fcr&nbsp;3Sat&nbsp;&amp;&nbsp;ORF&nbsp;\u2013 aus\u00adge\u00adzeich\u00adnet mit einer&nbsp;ROMY) sowie Live-Konzert-Aufzeichnungen.<\/p>\n","protected":false},"excerpt":{"rendered":"<p>Lese-Show 100 Jahre Austropop Karten unter \u00d6-Ticket und Tel: 0664\/7600266 Der renommierte \u201eRock Professor\u201c Rudi Dolezal feiert die Premiere seines neuesten Programms \u201e100 Jahre AUSTROPOP \u2013 Weltber\u00fchmt in \u00d6sterreich\u2026\u201c und entf\u00fchrt das Publikum auf eine spannende Reise durch die Geschichte des Austropop. \u00dcber das Programm: Rudi Dolezal, der seit \u00fcber&nbsp;40&nbsp;Jah\u00adren als Regis\u00adseur und Beglei\u00adter der [&hellip;]<\/p>\n","protected":false},"author":2,"featured_media":0,"comment_status":"closed","ping_status":"closed","sticky":false,"template":"","format":"standard","meta":{"footnotes":""},"categories":[2],"tags":[],"_links":{"self":[{"href":"https:\/\/buehne-weinburg.at\/index.php?rest_route=\/wp\/v2\/posts\/1347"}],"collection":[{"href":"https:\/\/buehne-weinburg.at\/index.php?rest_route=\/wp\/v2\/posts"}],"about":[{"href":"https:\/\/buehne-weinburg.at\/index.php?rest_route=\/wp\/v2\/types\/post"}],"author":[{"embeddable":true,"href":"https:\/\/buehne-weinburg.at\/index.php?rest_route=\/wp\/v2\/users\/2"}],"replies":[{"embeddable":true,"href":"https:\/\/buehne-weinburg.at\/index.php?rest_route=%2Fwp%2Fv2%2Fcomments&post=1347"}],"version-history":[{"count":2,"href":"https:\/\/buehne-weinburg.at\/index.php?rest_route=\/wp\/v2\/posts\/1347\/revisions"}],"predecessor-version":[{"id":1350,"href":"https:\/\/buehne-weinburg.at\/index.php?rest_route=\/wp\/v2\/posts\/1347\/revisions\/1350"}],"wp:attachment":[{"href":"https:\/\/buehne-weinburg.at\/index.php?rest_route=%2Fwp%2Fv2%2Fmedia&parent=1347"}],"wp:term":[{"taxonomy":"category","embeddable":true,"href":"https:\/\/buehne-weinburg.at\/index.php?rest_route=%2Fwp%2Fv2%2Fcategories&post=1347"},{"taxonomy":"post_tag","embeddable":true,"href":"https:\/\/buehne-weinburg.at\/index.php?rest_route=%2Fwp%2Fv2%2Ftags&post=1347"}],"curies":[{"name":"wp","href":"https:\/\/api.w.org\/{rel}","templated":true}]}}