{"id":866,"date":"2016-12-08T19:22:56","date_gmt":"2016-12-08T17:22:56","guid":{"rendered":"http:\/\/buehne-weinburg.at\/?p=866"},"modified":"2017-06-06T21:17:29","modified_gmt":"2017-06-06T19:17:29","slug":"die-lange-nacht-des-kabaretts-2","status":"publish","type":"post","link":"https:\/\/buehne-weinburg.at\/?p=866","title":{"rendered":"Die lange Nacht des Kabaretts"},"content":{"rendered":"<div id='gallery-1' class='gallery galleryid-866 gallery-columns-3 gallery-size-thumbnail'><dl class='gallery-item'>\n\t\t\t<dt class='gallery-icon landscape'>\n\t\t\t\t<a href='https:\/\/buehne-weinburg.at\/?attachment_id=996#main'><img loading=\"lazy\" decoding=\"async\" width=\"150\" height=\"150\" src=\"https:\/\/buehne-weinburg.at\/wp-content\/uploads\/2016\/12\/IMG_4360-150x150.jpg\" class=\"attachment-thumbnail size-thumbnail\" alt=\"\" aria-describedby=\"gallery-1-996\" \/><\/a>\n\t\t\t<\/dt>\n\t\t\t\t<dd class='wp-caption-text gallery-caption' id='gallery-1-996'>\n\t\t\t\tTheaterverein St. Nikolai o.Dr.\n\t\t\t\t<\/dd><\/dl><dl class='gallery-item'>\n\t\t\t<dt class='gallery-icon landscape'>\n\t\t\t\t<a href='https:\/\/buehne-weinburg.at\/?attachment_id=997#main'><img loading=\"lazy\" decoding=\"async\" width=\"150\" height=\"150\" src=\"https:\/\/buehne-weinburg.at\/wp-content\/uploads\/2016\/12\/IMG_4361-150x150.jpg\" class=\"attachment-thumbnail size-thumbnail\" alt=\"\" aria-describedby=\"gallery-1-997\" \/><\/a>\n\t\t\t<\/dt>\n\t\t\t\t<dd class='wp-caption-text gallery-caption' id='gallery-1-997'>\n\t\t\t\tstrahlende G\u00e4ste\n\t\t\t\t<\/dd><\/dl><dl class='gallery-item'>\n\t\t\t<dt class='gallery-icon landscape'>\n\t\t\t\t<a href='https:\/\/buehne-weinburg.at\/?attachment_id=998#main'><img loading=\"lazy\" decoding=\"async\" width=\"150\" height=\"150\" src=\"https:\/\/buehne-weinburg.at\/wp-content\/uploads\/2016\/12\/IMG_4362-150x150.jpg\" class=\"attachment-thumbnail size-thumbnail\" alt=\"\" aria-describedby=\"gallery-1-998\" \/><\/a>\n\t\t\t<\/dt>\n\t\t\t\t<dd class='wp-caption-text gallery-caption' id='gallery-1-998'>\n\t\t\t\tIn der Pause abk\u00fchlen im Hof\n\t\t\t\t<\/dd><\/dl><br style=\"clear: both\" \/><dl class='gallery-item'>\n\t\t\t<dt class='gallery-icon landscape'>\n\t\t\t\t<a href='https:\/\/buehne-weinburg.at\/?attachment_id=999#main'><img loading=\"lazy\" decoding=\"async\" width=\"150\" height=\"150\" src=\"https:\/\/buehne-weinburg.at\/wp-content\/uploads\/2016\/12\/IMG_4365-150x150.jpg\" class=\"attachment-thumbnail size-thumbnail\" alt=\"\" aria-describedby=\"gallery-1-999\" \/><\/a>\n\t\t\t<\/dt>\n\t\t\t\t<dd class='wp-caption-text gallery-caption' id='gallery-1-999'>\n\t\t\t\tWeinburgs zukunft\n\t\t\t\t<\/dd><\/dl><dl class='gallery-item'>\n\t\t\t<dt class='gallery-icon landscape'>\n\t\t\t\t<a href='https:\/\/buehne-weinburg.at\/?attachment_id=1000#main'><img loading=\"lazy\" decoding=\"async\" width=\"150\" height=\"150\" src=\"https:\/\/buehne-weinburg.at\/wp-content\/uploads\/2016\/12\/IMG_4370-150x150.jpg\" class=\"attachment-thumbnail size-thumbnail\" alt=\"\" aria-describedby=\"gallery-1-1000\" \/><\/a>\n\t\t\t<\/dt>\n\t\t\t\t<dd class='wp-caption-text gallery-caption' id='gallery-1-1000'>\n\t\t\t\tdie hohe Gemeindevertretung\n\t\t\t\t<\/dd><\/dl><dl class='gallery-item'>\n\t\t\t<dt class='gallery-icon landscape'>\n\t\t\t\t<a href='https:\/\/buehne-weinburg.at\/?attachment_id=1001#main'><img loading=\"lazy\" decoding=\"async\" width=\"150\" height=\"150\" src=\"https:\/\/buehne-weinburg.at\/wp-content\/uploads\/2016\/12\/IMG_4372-150x150.jpg\" class=\"attachment-thumbnail size-thumbnail\" alt=\"\" aria-describedby=\"gallery-1-1001\" \/><\/a>\n\t\t\t<\/dt>\n\t\t\t\t<dd class='wp-caption-text gallery-caption' id='gallery-1-1001'>\n\t\t\t\tPause verdient\n\t\t\t\t<\/dd><\/dl><br style=\"clear: both\" \/><dl class='gallery-item'>\n\t\t\t<dt class='gallery-icon landscape'>\n\t\t\t\t<a href='https:\/\/buehne-weinburg.at\/?attachment_id=1002#main'><img loading=\"lazy\" decoding=\"async\" width=\"150\" height=\"150\" src=\"https:\/\/buehne-weinburg.at\/wp-content\/uploads\/2016\/12\/Lange-Nacht-14-150x150.jpg\" class=\"attachment-thumbnail size-thumbnail\" alt=\"\" aria-describedby=\"gallery-1-1002\" \/><\/a>\n\t\t\t<\/dt>\n\t\t\t\t<dd class='wp-caption-text gallery-caption' id='gallery-1-1002'>\n\t\t\t\tDie K\u00fcnstler mit Obmann und Stellvertreter\n\t\t\t\t<\/dd><\/dl><dl class='gallery-item'>\n\t\t\t<dt class='gallery-icon landscape'>\n\t\t\t\t<a href='https:\/\/buehne-weinburg.at\/?attachment_id=1003#main'><img loading=\"lazy\" decoding=\"async\" width=\"150\" height=\"150\" src=\"https:\/\/buehne-weinburg.at\/wp-content\/uploads\/2016\/12\/Lange-Nacht-4-150x150.jpg\" class=\"attachment-thumbnail size-thumbnail\" alt=\"\" aria-describedby=\"gallery-1-1003\" srcset=\"https:\/\/buehne-weinburg.at\/wp-content\/uploads\/2016\/12\/Lange-Nacht-4-150x150.jpg 150w, https:\/\/buehne-weinburg.at\/wp-content\/uploads\/2016\/12\/Lange-Nacht-4-300x300.jpg 300w, https:\/\/buehne-weinburg.at\/wp-content\/uploads\/2016\/12\/Lange-Nacht-4-1024x1022.jpg 1024w\" sizes=\"(max-width: 150px) 100vw, 150px\" \/><\/a>\n\t\t\t<\/dt>\n\t\t\t\t<dd class='wp-caption-text gallery-caption' id='gallery-1-1003'>\n\t\t\t\tLisa Eckhart in Aktion\n\t\t\t\t<\/dd><\/dl><dl class='gallery-item'>\n\t\t\t<dt class='gallery-icon landscape'>\n\t\t\t\t<a href='https:\/\/buehne-weinburg.at\/?attachment_id=1004#main'><img loading=\"lazy\" decoding=\"async\" width=\"150\" height=\"150\" src=\"https:\/\/buehne-weinburg.at\/wp-content\/uploads\/2016\/12\/Lange-Nacht-11-150x150.jpg\" class=\"attachment-thumbnail size-thumbnail\" alt=\"\" aria-describedby=\"gallery-1-1004\" \/><\/a>\n\t\t\t<\/dt>\n\t\t\t\t<dd class='wp-caption-text gallery-caption' id='gallery-1-1004'>\n\t\t\t\tMaurer und Novovesky\n\t\t\t\t<\/dd><\/dl><br style=\"clear: both\" \/><dl class='gallery-item'>\n\t\t\t<dt class='gallery-icon landscape'>\n\t\t\t\t<a href='https:\/\/buehne-weinburg.at\/?attachment_id=1005#main'><img loading=\"lazy\" decoding=\"async\" width=\"150\" height=\"150\" src=\"https:\/\/buehne-weinburg.at\/wp-content\/uploads\/2016\/12\/Lange-Nacht-9-150x150.jpg\" class=\"attachment-thumbnail size-thumbnail\" alt=\"\" aria-describedby=\"gallery-1-1005\" \/><\/a>\n\t\t\t<\/dt>\n\t\t\t\t<dd class='wp-caption-text gallery-caption' id='gallery-1-1005'>\n\t\t\t\tMartin Kosch\n\t\t\t\t<\/dd><\/dl><dl class='gallery-item'>\n\t\t\t<dt class='gallery-icon portrait'>\n\t\t\t\t<a href='https:\/\/buehne-weinburg.at\/?attachment_id=1006#main'><img loading=\"lazy\" decoding=\"async\" width=\"150\" height=\"150\" src=\"https:\/\/buehne-weinburg.at\/wp-content\/uploads\/2016\/12\/Lange-Nacht-2-150x150.jpg\" class=\"attachment-thumbnail size-thumbnail\" alt=\"\" aria-describedby=\"gallery-1-1006\" \/><\/a>\n\t\t\t<\/dt>\n\t\t\t\t<dd class='wp-caption-text gallery-caption' id='gallery-1-1006'>\n\t\t\t\tDaniel Lenz (D\u00fcsi)\n\t\t\t\t<\/dd><\/dl>\n\t\t\t<br style='clear: both' \/>\n\t\t<\/div>\n\n<p>Samstag 27.Mai 2017<\/p>\n<p>Seit 18 Jahren ist die \u00f6sterreichweite Tour der <strong>\u201eLangen Nacht des Kabaretts\u201c <\/strong>eine Fixgr\u00f6\u00dfe der Kleinkunst-Szene. Die gr\u00f6\u00dften Talente des Landes pr\u00e4sentieren gemeinsam Ersonnenes und die Highlights aus ihren aktuellen Programmen. Diesmal mit dabei: \u00a0 <strong>Lisa Eckhart<\/strong>, eine junge Steirerin, kroch aus der verbrannten Erde der deutschen Poetry Slam Szene, um sich in der Kabarettszene \u00d6sterreichs mehr Raum zu verschaffen. Mit Performance und Texten so gnadenlos wie der Katholizismus und so wortgewandt wie eine Nationalratssitzung. Gebt ihr Stift, Papier und B\u00fchne und niemand wird verletzt. \u00a0 <strong>Daniel \u201eD\u00fcsi\u201c Lenz<\/strong>, der Ex-Schienentr\u00f6ster aus Tirol rei\u00dft sich in seinem Programm \u201efauLENZen\u201c keinen Haxen mehr aus. Es wird nicht getanzt, kein begnadeten K\u00f6rpereinsatz, kein Schwei\u00df, keine gesanglichen H\u00f6chstleistungen, kein Supertalent \u2013 einfach nur das was unbedingt n\u00f6tig ist f\u00fcr einen wunderbaren Kabarettabend mit unbeschwertem Spa\u00dfaroma: Witz, Wahnsinn und Grimassen! \u00a0 <strong>Maurer &amp; Novovesky<\/strong> \u00fcberzeugen mit ihrem ersten Programm \u201eBALD\u201c: einer ausgezeichneten Mischung aus Action, Erz\u00e4hlungen, Sketches, Slapstick und Musik. Daniel Maurer und Mathias Novovesky heben das weithin ber\u00fchmte Weinviertler Gsp\u00fcr f\u00fcr die packende Story, die \u00fcberraschende Pointe und die Hingabe zum skurrilen Detail in ungeahnte H\u00f6hen. \u00a0 <strong>Berni Wagner<\/strong> ist ein Kabarettistensetzling aus Ober\u00f6sterreich und Gewinner des renommierten Grazer Kleinkunstvogels 2013 (Jury- und Publikumspreis). Die Zutaten seiner h\u00f6chst unterhaltsamen, intelligenten und kuriosen Geschichten zwischen Humor und Horror: Fleischfressende Rehe, feministische Kannibalen, Wunderheiler und skandal\u00f6se Umtriebe eines polnischen Pfarrers mit einer Hakenhand Kartenverkauf: Tel.: 0664\/7600266<\/p>\n","protected":false},"excerpt":{"rendered":"<p>Samstag 27.Mai 2017 Seit 18 Jahren ist die \u00f6sterreichweite Tour der \u201eLangen Nacht des Kabaretts\u201c eine Fixgr\u00f6\u00dfe der Kleinkunst-Szene. Die gr\u00f6\u00dften Talente des Landes pr\u00e4sentieren gemeinsam Ersonnenes und die Highlights aus ihren aktuellen Programmen. Diesmal mit dabei: \u00a0 Lisa Eckhart, eine junge Steirerin, kroch aus der verbrannten Erde der deutschen Poetry Slam Szene, um sich [&hellip;]<\/p>\n","protected":false},"author":2,"featured_media":859,"comment_status":"closed","ping_status":"closed","sticky":false,"template":"","format":"standard","meta":{"footnotes":""},"categories":[18,6],"tags":[],"_links":{"self":[{"href":"https:\/\/buehne-weinburg.at\/index.php?rest_route=\/wp\/v2\/posts\/866"}],"collection":[{"href":"https:\/\/buehne-weinburg.at\/index.php?rest_route=\/wp\/v2\/posts"}],"about":[{"href":"https:\/\/buehne-weinburg.at\/index.php?rest_route=\/wp\/v2\/types\/post"}],"author":[{"embeddable":true,"href":"https:\/\/buehne-weinburg.at\/index.php?rest_route=\/wp\/v2\/users\/2"}],"replies":[{"embeddable":true,"href":"https:\/\/buehne-weinburg.at\/index.php?rest_route=%2Fwp%2Fv2%2Fcomments&post=866"}],"version-history":[{"count":12,"href":"https:\/\/buehne-weinburg.at\/index.php?rest_route=\/wp\/v2\/posts\/866\/revisions"}],"predecessor-version":[{"id":1007,"href":"https:\/\/buehne-weinburg.at\/index.php?rest_route=\/wp\/v2\/posts\/866\/revisions\/1007"}],"wp:featuredmedia":[{"embeddable":true,"href":"https:\/\/buehne-weinburg.at\/index.php?rest_route=\/wp\/v2\/media\/859"}],"wp:attachment":[{"href":"https:\/\/buehne-weinburg.at\/index.php?rest_route=%2Fwp%2Fv2%2Fmedia&parent=866"}],"wp:term":[{"taxonomy":"category","embeddable":true,"href":"https:\/\/buehne-weinburg.at\/index.php?rest_route=%2Fwp%2Fv2%2Fcategories&post=866"},{"taxonomy":"post_tag","embeddable":true,"href":"https:\/\/buehne-weinburg.at\/index.php?rest_route=%2Fwp%2Fv2%2Ftags&post=866"}],"curies":[{"name":"wp","href":"https:\/\/api.w.org\/{rel}","templated":true}]}}